{"id":794,"date":"2022-12-22T17:39:31","date_gmt":"2022-12-22T20:39:31","guid":{"rendered":"https:\/\/exportadoraredstar.cl\/?p=794"},"modified":"2023-01-11T14:55:08","modified_gmt":"2023-01-11T17:55:08","slug":"aumento-de-exportacion-maritima-y-aerea-de-cerezas-en-comparacion-al-periodo-del-ano-anterior","status":"publish","type":"post","link":"https:\/\/exportadoraredstar.cl\/index.php\/2022\/12\/22\/aumento-de-exportacion-maritima-y-aerea-de-cerezas-en-comparacion-al-periodo-del-ano-anterior\/","title":{"rendered":"Aumento de exportaci\u00f3n mar\u00edtima y a\u00e9rea de cerezas en comparaci\u00f3n al per\u00edodo del a\u00f1o anterior"},"content":{"rendered":"<p>Un aumento de 168% en la exportaci\u00f3n por mar de cerezas a la misma \u00e9poca el a\u00f1o anterior y un 41% m\u00e1s por avi\u00f3n, es lo que inform\u00f3 Asoex en la semana 47. Esto deja estable la proyecci\u00f3n de mantener la segunda quincena de enero 2023 una media de 350.000 toneladas por semana en temporada.<\/p>\n<p>Fuente: SAG-ASOEX. Creada por iQonsulting<\/p>\n","protected":false},"excerpt":{"rendered":"<p>Un aumento de 168% en la exportaci\u00f3n por mar de cerezas a la misma \u00e9poca el a\u00f1o anterior y un 41% m\u00e1s por avi\u00f3n, es lo que inform\u00f3 Asoex en la semana 47. Esto deja estable la proyecci\u00f3n de mantener la segunda quincena de enero 2023 una media de 350.000 toneladas por semana en temporada. [&hellip;]<\/p>\n","protected":false},"author":1,"featured_media":1616,"comment_status":"open","ping_status":"open","sticky":false,"template":"","format":"standard","meta":{"_acf_changed":false,"_et_pb_use_builder":"","_et_pb_old_content":"","_et_gb_content_width":"","footnotes":""},"categories":[65],"tags":[],"class_list":["post-794","post","type-post","status-publish","format-standard","has-post-thumbnail","hentry","category-es"],"acf":[],"yoast_head":"<!-- This site is optimized with the Yoast SEO plugin v25.3 - https:\/\/yoast.com\/wordpress\/plugins\/seo\/ -->\n<title>Aumento de exportaci\u00f3n mar\u00edtima y a\u00e9rea de cerezas en comparaci\u00f3n al per\u00edodo del a\u00f1o anterior - redstar<\/title>\n<meta name=\"robots\" content=\"index, follow, max-snippet:-1, max-image-preview:large, max-video-preview:-1\" \/>\n<link rel=\"canonical\" href=\"https:\/\/exportadoraredstar.cl\/index.php\/2022\/12\/22\/aumento-de-exportacion-maritima-y-aerea-de-cerezas-en-comparacion-al-periodo-del-ano-anterior\/\" \/>\n<meta property=\"og:locale\" content=\"es_ES\" \/>\n<meta property=\"og:type\" content=\"article\" \/>\n<meta property=\"og:title\" content=\"Aumento de exportaci\u00f3n mar\u00edtima y a\u00e9rea de cerezas en comparaci\u00f3n al per\u00edodo del a\u00f1o anterior - redstar\" \/>\n<meta property=\"og:description\" content=\"Un aumento de 168% en la exportaci\u00f3n por mar de cerezas a la misma \u00e9poca el a\u00f1o anterior y un 41% m\u00e1s por avi\u00f3n, es lo que inform\u00f3 Asoex en la semana 47. Esto deja estable la proyecci\u00f3n de mantener la segunda quincena de enero 2023 una media de 350.000 toneladas por semana en temporada. [&hellip;]\" \/>\n<meta property=\"og:site_name\" content=\"redstar\" \/>\n<meta property=\"article:published_time\" content=\"2022-12-22T20:39:31+00:00\" \/>\n<meta property=\"article:modified_time\" content=\"2023-01-11T17:55:08+00:00\" \/>\n<meta property=\"og:image\" content=\"https:\/\/exportadoraredstar.cl\/wp-content\/uploads\/2023\/01\/noticias-02.png\" \/>\n\t<meta property=\"og:image:width\" content=\"701\" \/>\n\t<meta property=\"og:image:height\" content=\"501\" \/>\n\t<meta property=\"og:image:type\" content=\"image\/png\" \/>\n<meta name=\"author\" content=\"Exportadora Red Star\" \/>\n<meta name=\"twitter:card\" content=\"summary_large_image\" \/>\n<meta name=\"twitter:label1\" content=\"Escrito por\" \/>\n\t<meta name=\"twitter:data1\" content=\"Exportadora Red Star\" \/>\n\t<meta name=\"twitter:label2\" content=\"Tiempo de lectura\" \/>\n\t<meta name=\"twitter:data2\" content=\"1 minuto\" \/>\n<script type=\"application\/ld+json\" class=\"yoast-schema-graph\">{\"@context\":\"https:\/\/schema.org\",\"@graph\":[{\"@type\":\"WebPage\",\"@id\":\"https:\/\/exportadoraredstar.cl\/index.php\/2022\/12\/22\/aumento-de-exportacion-maritima-y-aerea-de-cerezas-en-comparacion-al-periodo-del-ano-anterior\/\",\"url\":\"https:\/\/exportadoraredstar.cl\/index.php\/2022\/12\/22\/aumento-de-exportacion-maritima-y-aerea-de-cerezas-en-comparacion-al-periodo-del-ano-anterior\/\",\"name\":\"Aumento de exportaci\u00f3n mar\u00edtima y a\u00e9rea de cerezas en comparaci\u00f3n al per\u00edodo del a\u00f1o anterior - redstar\",\"isPartOf\":{\"@id\":\"https:\/\/exportadoraredstar.cl\/#website\"},\"primaryImageOfPage\":{\"@id\":\"https:\/\/exportadoraredstar.cl\/index.php\/2022\/12\/22\/aumento-de-exportacion-maritima-y-aerea-de-cerezas-en-comparacion-al-periodo-del-ano-anterior\/#primaryimage\"},\"image\":{\"@id\":\"https:\/\/exportadoraredstar.cl\/index.php\/2022\/12\/22\/aumento-de-exportacion-maritima-y-aerea-de-cerezas-en-comparacion-al-periodo-del-ano-anterior\/#primaryimage\"},\"thumbnailUrl\":\"https:\/\/exportadoraredstar.cl\/wp-content\/uploads\/2023\/01\/noticias-02.png\",\"datePublished\":\"2022-12-22T20:39:31+00:00\",\"dateModified\":\"2023-01-11T17:55:08+00:00\",\"author\":{\"@id\":\"https:\/\/exportadoraredstar.cl\/#\/schema\/person\/e460cd04e7946aaef47b1a3d3e738297\"},\"breadcrumb\":{\"@id\":\"https:\/\/exportadoraredstar.cl\/index.php\/2022\/12\/22\/aumento-de-exportacion-maritima-y-aerea-de-cerezas-en-comparacion-al-periodo-del-ano-anterior\/#breadcrumb\"},\"inLanguage\":\"es\",\"potentialAction\":[{\"@type\":\"ReadAction\",\"target\":[\"https:\/\/exportadoraredstar.cl\/index.php\/2022\/12\/22\/aumento-de-exportacion-maritima-y-aerea-de-cerezas-en-comparacion-al-periodo-del-ano-anterior\/\"]}]},{\"@type\":\"ImageObject\",\"inLanguage\":\"es\",\"@id\":\"https:\/\/exportadoraredstar.cl\/index.php\/2022\/12\/22\/aumento-de-exportacion-maritima-y-aerea-de-cerezas-en-comparacion-al-periodo-del-ano-anterior\/#primaryimage\",\"url\":\"https:\/\/exportadoraredstar.cl\/wp-content\/uploads\/2023\/01\/noticias-02.png\",\"contentUrl\":\"https:\/\/exportadoraredstar.cl\/wp-content\/uploads\/2023\/01\/noticias-02.png\",\"width\":701,\"height\":501},{\"@type\":\"BreadcrumbList\",\"@id\":\"https:\/\/exportadoraredstar.cl\/index.php\/2022\/12\/22\/aumento-de-exportacion-maritima-y-aerea-de-cerezas-en-comparacion-al-periodo-del-ano-anterior\/#breadcrumb\",\"itemListElement\":[{\"@type\":\"ListItem\",\"position\":1,\"name\":\"Portada\",\"item\":\"https:\/\/exportadoraredstar.cl\/index.php\/en\/home\/\"},{\"@type\":\"ListItem\",\"position\":2,\"name\":\"Aumento de exportaci\u00f3n mar\u00edtima y a\u00e9rea de cerezas en comparaci\u00f3n al per\u00edodo del a\u00f1o anterior\"}]},{\"@type\":\"WebSite\",\"@id\":\"https:\/\/exportadoraredstar.cl\/#website\",\"url\":\"https:\/\/exportadoraredstar.cl\/\",\"name\":\"redstar\",\"description\":\"\",\"potentialAction\":[{\"@type\":\"SearchAction\",\"target\":{\"@type\":\"EntryPoint\",\"urlTemplate\":\"https:\/\/exportadoraredstar.cl\/?s={search_term_string}\"},\"query-input\":{\"@type\":\"PropertyValueSpecification\",\"valueRequired\":true,\"valueName\":\"search_term_string\"}}],\"inLanguage\":\"es\"},{\"@type\":\"Person\",\"@id\":\"https:\/\/exportadoraredstar.cl\/#\/schema\/person\/e460cd04e7946aaef47b1a3d3e738297\",\"name\":\"Exportadora Red Star\",\"image\":{\"@type\":\"ImageObject\",\"inLanguage\":\"es\",\"@id\":\"https:\/\/exportadoraredstar.cl\/#\/schema\/person\/image\/\",\"url\":\"https:\/\/secure.gravatar.com\/avatar\/8932ab2250fbea52956b09527ed0b3ffc71efdc6daf7820c9d32174cd01916f8?s=96&d=mm&r=g\",\"contentUrl\":\"https:\/\/secure.gravatar.com\/avatar\/8932ab2250fbea52956b09527ed0b3ffc71efdc6daf7820c9d32174cd01916f8?s=96&d=mm&r=g\",\"caption\":\"Exportadora Red Star\"},\"sameAs\":[\"https:\/\/exportadoraredstar.cl\"],\"url\":\"https:\/\/exportadoraredstar.cl\/index.php\/author\/admin\/\"}]}<\/script>\n<!-- \/ Yoast SEO plugin. -->","yoast_head_json":{"title":"Aumento de exportaci\u00f3n mar\u00edtima y a\u00e9rea de cerezas en comparaci\u00f3n al per\u00edodo del a\u00f1o anterior - redstar","robots":{"index":"index","follow":"follow","max-snippet":"max-snippet:-1","max-image-preview":"max-image-preview:large","max-video-preview":"max-video-preview:-1"},"canonical":"https:\/\/exportadoraredstar.cl\/index.php\/2022\/12\/22\/aumento-de-exportacion-maritima-y-aerea-de-cerezas-en-comparacion-al-periodo-del-ano-anterior\/","og_locale":"es_ES","og_type":"article","og_title":"Aumento de exportaci\u00f3n mar\u00edtima y a\u00e9rea de cerezas en comparaci\u00f3n al per\u00edodo del a\u00f1o anterior - redstar","og_description":"Un aumento de 168% en la exportaci\u00f3n por mar de cerezas a la misma \u00e9poca el a\u00f1o anterior y un 41% m\u00e1s por avi\u00f3n, es lo que inform\u00f3 Asoex en la semana 47. Esto deja estable la proyecci\u00f3n de mantener la segunda quincena de enero 2023 una media de 350.000 toneladas por semana en temporada. [&hellip;]","og_site_name":"redstar","article_published_time":"2022-12-22T20:39:31+00:00","article_modified_time":"2023-01-11T17:55:08+00:00","og_image":[{"width":701,"height":501,"url":"https:\/\/exportadoraredstar.cl\/wp-content\/uploads\/2023\/01\/noticias-02.png","type":"image\/png"}],"author":"Exportadora Red Star","twitter_card":"summary_large_image","twitter_misc":{"Escrito por":"Exportadora Red Star","Tiempo de lectura":"1 minuto"},"schema":{"@context":"https:\/\/schema.org","@graph":[{"@type":"WebPage","@id":"https:\/\/exportadoraredstar.cl\/index.php\/2022\/12\/22\/aumento-de-exportacion-maritima-y-aerea-de-cerezas-en-comparacion-al-periodo-del-ano-anterior\/","url":"https:\/\/exportadoraredstar.cl\/index.php\/2022\/12\/22\/aumento-de-exportacion-maritima-y-aerea-de-cerezas-en-comparacion-al-periodo-del-ano-anterior\/","name":"Aumento de exportaci\u00f3n mar\u00edtima y a\u00e9rea de cerezas en comparaci\u00f3n al per\u00edodo del a\u00f1o anterior - redstar","isPartOf":{"@id":"https:\/\/exportadoraredstar.cl\/#website"},"primaryImageOfPage":{"@id":"https:\/\/exportadoraredstar.cl\/index.php\/2022\/12\/22\/aumento-de-exportacion-maritima-y-aerea-de-cerezas-en-comparacion-al-periodo-del-ano-anterior\/#primaryimage"},"image":{"@id":"https:\/\/exportadoraredstar.cl\/index.php\/2022\/12\/22\/aumento-de-exportacion-maritima-y-aerea-de-cerezas-en-comparacion-al-periodo-del-ano-anterior\/#primaryimage"},"thumbnailUrl":"https:\/\/exportadoraredstar.cl\/wp-content\/uploads\/2023\/01\/noticias-02.png","datePublished":"2022-12-22T20:39:31+00:00","dateModified":"2023-01-11T17:55:08+00:00","author":{"@id":"https:\/\/exportadoraredstar.cl\/#\/schema\/person\/e460cd04e7946aaef47b1a3d3e738297"},"breadcrumb":{"@id":"https:\/\/exportadoraredstar.cl\/index.php\/2022\/12\/22\/aumento-de-exportacion-maritima-y-aerea-de-cerezas-en-comparacion-al-periodo-del-ano-anterior\/#breadcrumb"},"inLanguage":"es","potentialAction":[{"@type":"ReadAction","target":["https:\/\/exportadoraredstar.cl\/index.php\/2022\/12\/22\/aumento-de-exportacion-maritima-y-aerea-de-cerezas-en-comparacion-al-periodo-del-ano-anterior\/"]}]},{"@type":"ImageObject","inLanguage":"es","@id":"https:\/\/exportadoraredstar.cl\/index.php\/2022\/12\/22\/aumento-de-exportacion-maritima-y-aerea-de-cerezas-en-comparacion-al-periodo-del-ano-anterior\/#primaryimage","url":"https:\/\/exportadoraredstar.cl\/wp-content\/uploads\/2023\/01\/noticias-02.png","contentUrl":"https:\/\/exportadoraredstar.cl\/wp-content\/uploads\/2023\/01\/noticias-02.png","width":701,"height":501},{"@type":"BreadcrumbList","@id":"https:\/\/exportadoraredstar.cl\/index.php\/2022\/12\/22\/aumento-de-exportacion-maritima-y-aerea-de-cerezas-en-comparacion-al-periodo-del-ano-anterior\/#breadcrumb","itemListElement":[{"@type":"ListItem","position":1,"name":"Portada","item":"https:\/\/exportadoraredstar.cl\/index.php\/en\/home\/"},{"@type":"ListItem","position":2,"name":"Aumento de exportaci\u00f3n mar\u00edtima y a\u00e9rea de cerezas en comparaci\u00f3n al per\u00edodo del a\u00f1o anterior"}]},{"@type":"WebSite","@id":"https:\/\/exportadoraredstar.cl\/#website","url":"https:\/\/exportadoraredstar.cl\/","name":"redstar","description":"","potentialAction":[{"@type":"SearchAction","target":{"@type":"EntryPoint","urlTemplate":"https:\/\/exportadoraredstar.cl\/?s={search_term_string}"},"query-input":{"@type":"PropertyValueSpecification","valueRequired":true,"valueName":"search_term_string"}}],"inLanguage":"es"},{"@type":"Person","@id":"https:\/\/exportadoraredstar.cl\/#\/schema\/person\/e460cd04e7946aaef47b1a3d3e738297","name":"Exportadora Red Star","image":{"@type":"ImageObject","inLanguage":"es","@id":"https:\/\/exportadoraredstar.cl\/#\/schema\/person\/image\/","url":"https:\/\/secure.gravatar.com\/avatar\/8932ab2250fbea52956b09527ed0b3ffc71efdc6daf7820c9d32174cd01916f8?s=96&d=mm&r=g","contentUrl":"https:\/\/secure.gravatar.com\/avatar\/8932ab2250fbea52956b09527ed0b3ffc71efdc6daf7820c9d32174cd01916f8?s=96&d=mm&r=g","caption":"Exportadora Red Star"},"sameAs":["https:\/\/exportadoraredstar.cl"],"url":"https:\/\/exportadoraredstar.cl\/index.php\/author\/admin\/"}]}},"_links":{"self":[{"href":"https:\/\/exportadoraredstar.cl\/index.php\/wp-json\/wp\/v2\/posts\/794","targetHints":{"allow":["GET"]}}],"collection":[{"href":"https:\/\/exportadoraredstar.cl\/index.php\/wp-json\/wp\/v2\/posts"}],"about":[{"href":"https:\/\/exportadoraredstar.cl\/index.php\/wp-json\/wp\/v2\/types\/post"}],"author":[{"embeddable":true,"href":"https:\/\/exportadoraredstar.cl\/index.php\/wp-json\/wp\/v2\/users\/1"}],"replies":[{"embeddable":true,"href":"https:\/\/exportadoraredstar.cl\/index.php\/wp-json\/wp\/v2\/comments?post=794"}],"version-history":[{"count":1,"href":"https:\/\/exportadoraredstar.cl\/index.php\/wp-json\/wp\/v2\/posts\/794\/revisions"}],"predecessor-version":[{"id":796,"href":"https:\/\/exportadoraredstar.cl\/index.php\/wp-json\/wp\/v2\/posts\/794\/revisions\/796"}],"wp:featuredmedia":[{"embeddable":true,"href":"https:\/\/exportadoraredstar.cl\/index.php\/wp-json\/wp\/v2\/media\/1616"}],"wp:attachment":[{"href":"https:\/\/exportadoraredstar.cl\/index.php\/wp-json\/wp\/v2\/media?parent=794"}],"wp:term":[{"taxonomy":"category","embeddable":true,"href":"https:\/\/exportadoraredstar.cl\/index.php\/wp-json\/wp\/v2\/categories?post=794"},{"taxonomy":"post_tag","embeddable":true,"href":"https:\/\/exportadoraredstar.cl\/index.php\/wp-json\/wp\/v2\/tags?post=794"}],"curies":[{"name":"wp","href":"https:\/\/api.w.org\/{rel}","templated":true}]}}